{"id":4802,"date":"2022-06-29T17:26:30","date_gmt":"2022-06-29T15:26:30","guid":{"rendered":"https:\/\/fairbeweegung.lu\/?p=4802"},"modified":"2023-02-21T05:30:44","modified_gmt":"2023-02-21T04:30:44","slug":"pressecommunique-10","status":"publish","type":"post","link":"https:\/\/fairbeweegung.lu\/fr\/pressecommunique-10\/","title":{"rendered":"Communiqu\u00e9 de presse 10"},"content":{"rendered":"<div data-elementor-type=\"wp-post\" data-elementor-id=\"4802\" class=\"elementor elementor-4802\" data-elementor-post-type=\"post\">\n\t\t\t\t\t\t<section class=\"elementor-section elementor-top-section elementor-element elementor-element-f4676b6 elementor-section-boxed elementor-section-height-default elementor-section-height-default\" data-id=\"f4676b6\" data-element_type=\"section\" data-e-type=\"section\">\n\t\t\t\t\t\t<div class=\"elementor-container elementor-column-gap-default\">\n\t\t\t\t\t<div class=\"elementor-column elementor-col-100 elementor-top-column elementor-element elementor-element-749de17\" data-id=\"749de17\" data-element_type=\"column\" data-e-type=\"column\">\n\t\t\t<div class=\"elementor-widget-wrap elementor-element-populated\">\n\t\t\t\t\t\t<div class=\"elementor-element elementor-element-b8658b6 elementor-widget elementor-widget-global elementor-global-3487 elementor-widget-image\" data-id=\"b8658b6\" data-element_type=\"widget\" data-e-type=\"widget\" data-widget_type=\"image.default\">\n\t\t\t\t<div class=\"elementor-widget-container\">\n\t\t\t\t\t\t\t\t\t\t\t\t\t\t\t\t<a href=\"https:\/\/fairbeweegung.lu\/fr\/\">\n\t\t\t\t\t\t\t<img decoding=\"async\" src=\"https:\/\/fairbeweegung.lu\/wp-content\/uploads\/elementor\/thumbs\/fair_Artboard-3-3-transparent-ptftxvz4e3patxyc19oozgb36wer9demo1g4bsjcmw.png\" title=\"fair_Artboard 3-3 transparent\" alt=\"FAIR Beweegung\" loading=\"lazy\" \/>\t\t\t\t\t\t\t\t<\/a>\n\t\t\t\t\t\t\t\t\t\t\t\t\t\t\t<\/div>\n\t\t\t\t<\/div>\n\t\t\t\t\t<\/div>\n\t\t<\/div>\n\t\t\t\t\t<\/div>\n\t\t<\/section>\n\t\t\t\t<section class=\"elementor-section elementor-top-section elementor-element elementor-element-7c7ac3d elementor-section-boxed elementor-section-height-default elementor-section-height-default\" data-id=\"7c7ac3d\" data-element_type=\"section\" data-e-type=\"section\">\n\t\t\t\t\t\t<div class=\"elementor-container elementor-column-gap-default\">\n\t\t\t\t\t<div class=\"elementor-column elementor-col-100 elementor-top-column elementor-element elementor-element-3db405c\" data-id=\"3db405c\" data-element_type=\"column\" data-e-type=\"column\">\n\t\t\t<div class=\"elementor-widget-wrap elementor-element-populated\">\n\t\t\t\t\t\t<div class=\"elementor-element elementor-element-075d905 elementor-widget elementor-widget-heading\" data-id=\"075d905\" data-element_type=\"widget\" data-e-type=\"widget\" data-widget_type=\"heading.default\">\n\t\t\t\t<div class=\"elementor-widget-container\">\n\t\t\t\t\t<h2 class=\"elementor-heading-title elementor-size-default\"><a href=\"https:\/\/fairbeweegung.lu\/wp-content\/uploads\/2022\/06\/FAIR-Pressemitteilung-10.pdf\" target=\"_blank\">Pressemitteilung 10\n(f\u00fcr PDF hier klicken)<\/a><\/h2>\t\t\t\t<\/div>\n\t\t\t\t<\/div>\n\t\t\t\t<div class=\"elementor-element elementor-element-4bbc473 elementor-widget elementor-widget-text-editor\" data-id=\"4bbc473\" data-element_type=\"widget\" data-e-type=\"widget\" data-widget_type=\"text-editor.default\">\n\t\t\t\t<div class=\"elementor-widget-container\">\n\t\t\t\t\t\t\t\t\t<p>Sehr geehrte Damen und Herren,<\/p><p>Die \u00f6sterreichische Bundesregierung hat ein Gesetz im Nationalrat eingebracht zur<br \/>Aufhebung des Impfpflichtgesetzes. Zur Begr\u00fcndung wurde vom Gesundheitsminister<br \/>angef\u00fchrt, es habe niemanden motiviert zur Impfung, habe aber die Gesellschaft<br \/>gespalten und das bis in die Familien.<\/p><p>Angesichts dessen fordert die FAIR Beweegung die Luxemburger Regierung auf, alle ihre<br \/>Pl\u00e4ne f\u00fcr ein Impfpflichtgesetz ad acta zu legen. Dies auch unter Ber\u00fccksichtigung der<br \/>zahlreichen bekannt gewordenen Nebenwirkungen und nunmehr auch des deutschen<br \/>Geburtenr\u00fcckgangs. Laut verf\u00fcgbarer Daten zum ersten Quartal1 lautet die Reihe:<\/p><p>2019 : 182.138<br \/>2020 : 184.643<br \/>2021 : 187.543<br \/>2022 : 164.614 Lebendgeburten<\/p><p>Der bemerkenswerte Einbruch korreliert mit dem Ansteigen der Impfkurve bei 18-59 j\u00e4hrigen<br \/>neun Monate davor.<\/p><p>Zudem ist jeder Zwang zur Annahme eines experimentellen Stoffes \u2013 und die mRNA- wie<br \/>Vektor-Stoffe sind das \u2013 eine Verletzung des Artikels 7 des Internationalen Pakts \u00fcber<br \/>b\u00fcrgerliche und politische Rechte, beschlossen von der UNO-Vollversammlung am<br \/>19.12.1966, von Luxemburg unterzeichnet am 26.11.1974, ratifiziert am 18.8.1983.<\/p><p>Denn Artikel 7 besagt: \u201eNiemand darf der Folter oder grausamer, unmenschlicher oder<br \/>erniedrigender Behandlung oder Strafe unterworfen werden. Insbesondere darf niemand<br \/>ohne seine freiwillige Zustimmung medizinischen oder wissenschaftlichen Versuchen<br \/>unterworfen werden.\u201c<\/p><p>Quelle:<br \/>1. <a href=\"https:\/\/www.destatis.de\/DE\/Themen\/Gesellschaft-Umwelt\/Bevoelkerung\/Geburten\/Tabellen\/lebendgeborene-vorl.html\" target=\"_blank\" rel=\"noopener\" data-wplink-edit=\"true\"><span style=\"text-decoration: underline;\"><span style=\"color: #0000ff; text-decoration: underline;\">https:\/\/www.destatis.de\/DE\/Themen\/Gesellschaft-Umwelt\/Bevoelkerung\/Geburten\/Ta<\/span><\/span><span style=\"text-decoration: underline;\"><span style=\"color: #0000ff; text-decoration: underline;\">bellen\/lebendgeborene-vorl.html<\/span><\/span><\/a><\/p><p>Der Vorstand der FAIR Beweegung<\/p>\t\t\t\t\t\t\t\t<\/div>\n\t\t\t\t<\/div>\n\t\t\t\t<div class=\"elementor-element elementor-element-1868ff4 elementor-widget elementor-widget-heading\" data-id=\"1868ff4\" data-element_type=\"widget\" data-e-type=\"widget\" data-widget_type=\"heading.default\">\n\t\t\t\t<div class=\"elementor-widget-container\">\n\t\t\t\t\t<h2 class=\"elementor-heading-title elementor-size-default\"><a href=\"https:\/\/fairbeweegung.lu\/wp-content\/uploads\/2022\/07\/FAIR-Commmunique-de-presse-10.pdf\" target=\"_blank\">Communiqu\u00e9 de presse 10<\/a><\/h2>\t\t\t\t<\/div>\n\t\t\t\t<\/div>\n\t\t\t\t<div class=\"elementor-element elementor-element-8c62646 elementor-widget elementor-widget-text-editor\" data-id=\"8c62646\" data-element_type=\"widget\" data-e-type=\"widget\" data-widget_type=\"text-editor.default\">\n\t\t\t\t<div class=\"elementor-widget-container\">\n\t\t\t\t\t\t\t\t\t<p>Mesdames et Messieurs,<\/p><div>Le gouvernement f\u00e9d\u00e9ral autrichien a pr\u00e9sent\u00e9 au Conseil national une loi visant \u00e0<\/div><p>abroger la loi sur la vaccination obligatoire. Le ministre de la Sant\u00e9 a justifi\u00e9 cette d\u00e9cision en<br \/>affirmant que cette loi n&#8217;avait motiv\u00e9 personne \u00e0 se faire vacciner, mais qu&#8217;elle avait<br \/>provoqu\u00e9 des divisions dans la soci\u00e9t\u00e9, m\u00eame au sein des familles.<\/p><div>Au vu de ce qui pr\u00e9c\u00e8de, le mouvement FAIR demande au gouvernement luxembourgeois<\/div><p>de mettre un terme \u00e0 tous ses projets de loi sur la vaccination obligatoire. Et ce, en tenant<br \/>compte des nombreux effets secondaires connus et, d\u00e9sormais, de la baisse de la natalit\u00e9<br \/>en Allemagne. Selon les donn\u00e9es disponibles pour le premier trimestre1, les chiffres sont les<br \/>suivants :<\/p><p>2019 : 182.138<br \/>2020 : 184.643<br \/>2021 : 187.543<br \/>2022 : 164.614 naissances vivantes<\/p><div>Cette chute remarquable est corr\u00e9l\u00e9e \u00e0 la remont\u00e9e de la courbe de vaccination des 18-59<\/div><p>ans neuf mois auparavant.<\/p><div>De plus, toute obligation d&#8217;accepter une substance exp\u00e9rimentale &#8211; et les substances ARNm<\/div><p>comme les substances vectorielles le sont &#8211; est une violation de l&#8217;article 7 du Pacte<br \/>international relatif aux droits civils et politiques, adopt\u00e9 par l&#8217;Assembl\u00e9e g\u00e9n\u00e9rale de l&#8217;ONU<br \/>le 19.12.1966, sign\u00e9 par le Luxembourg le 26.11.1974, ratifi\u00e9 le 18.8.1983.<\/p><div>En effet, l&#8217;article 7 stipule : \u00ab Nul ne sera soumis \u00e0 la torture ni \u00e0 des peines ou traitements<\/div><p>cruels, inhumains ou d\u00e9gradants. En particulier, il est interdit de soumettre une personne<br \/>sans son libre consentement \u00e0 une exp\u00e9rience m\u00e9dicale ou scientifique. \u00bb<\/p><div>Source :<\/div><p>1. <a href=\"https:\/\/www.destatis.de\/DE\/Themen\/Gesellschaft-Umwelt\/Bevoelkerung\/Geburten\/Tabellen\/lebendgeborene-vorl.html\" target=\"_blank\" rel=\"noopener\"><span style=\"text-decoration: underline; color: #0000ff;\">https:\/\/www.destatis.de\/DE\/Themen\/Gesellschaft-Umwelt\/Bevoelkerung\/Geburten\/Tabellen\/lebendgeborene-vorl.html<\/span><\/a><\/p><div>Le comit\u00e9 directeur du mouvement FAIR<\/div>\t\t\t\t\t\t\t\t<\/div>\n\t\t\t\t<\/div>\n\t\t\t\t<div class=\"elementor-element elementor-element-43296ff elementor-widget elementor-widget-heading\" data-id=\"43296ff\" data-element_type=\"widget\" data-e-type=\"widget\" data-widget_type=\"heading.default\">\n\t\t\t\t<div class=\"elementor-widget-container\">\n\t\t\t\t\t<h2 class=\"elementor-heading-title elementor-size-default\"><a href=\"https:\/\/fairbeweegung.lu\/wp-content\/uploads\/2022\/07\/FAIR-Press-release-10.pdf\" target=\"_blank\">Press release 10<\/a><\/h2>\t\t\t\t<\/div>\n\t\t\t\t<\/div>\n\t\t\t\t<div class=\"elementor-element elementor-element-28e7541 elementor-widget elementor-widget-text-editor\" data-id=\"28e7541\" data-element_type=\"widget\" data-e-type=\"widget\" data-widget_type=\"text-editor.default\">\n\t\t\t\t<div class=\"elementor-widget-container\">\n\t\t\t\t\t\t\t\t\t<p>Ladies and Gentlemen,<\/p><p>The Austrian Federal Government has introduced a bill in the National Council for the repeal<br \/>of the compulsory vaccination law. The reason given by the Minister of Health is that it had<br \/>not motivated anyone to get vaccinated, but that it had split society, even families.<\/p><p>In view of this, the FAIR Movement calls on the Luxembourg government to abandon all its<br \/>plans for a compulsory vaccination law. This also in consideration of the numerous side<br \/>effects that have become known and now also the German birth rate decline. According to<br \/>available data for the first quarter1 the series is:<\/p><p>2019: 182,138<br \/>2020: 184,643<br \/>2021: 187,543<br \/>2022: 164,614 live births.<\/p><p>The remarkable slump correlates with the rise in the vaccination curve among 18-59 year olds<br \/>nine months earlier.<\/p><p>Moreover, any compulsion to adopt an experimental substance &#8211; and both mRNA and vector<br \/>substances are &#8211; is a violation of Article 7 of the International Covenant on civil and political<br \/>rights, adopted by the UN General Assembly on 19.12.1966, signed by Luxembourg on<br \/>26.11.1974 and ratified on 18.8.1983.<\/p><p>Article 7 states: &#8222;No one shall be subjected to torture or to cruel, inhuman or degrading<br \/>treatment or punishment. In particular, no one may be subjected to medical or scientific<br \/>experiments without their voluntary consent.&#8220;<\/p><p>Source:<br \/>1. <span style=\"text-decoration: underline;\"><span style=\"color: #0000ff; text-decoration: underline;\"><a style=\"color: #0000ff; text-decoration: underline;\" href=\"https:\/\/www.destatis.de\/EN\/Themes\/Society-Environment\/Population\/Births\/Tables\/live-birth-provisional.html\" target=\"_blank\" rel=\"noopener\">https:\/\/www.destatis.de\/EN\/Themes\/Society-Environment\/Population\/Births\/Tables\/live-birth-provisional.html<\/a><\/span><\/span><\/p><p>The Board of the FAIR Movement<\/p>\t\t\t\t\t\t\t\t<\/div>\n\t\t\t\t<\/div>\n\t\t\t\t\t<\/div>\n\t\t<\/div>\n\t\t\t\t\t<\/div>\n\t\t<\/section>\n\t\t\t\t<\/div>","protected":false},"excerpt":{"rendered":"<p>Pressemitteilung 10 (f\u00fcr PDF hier klicken) Sehr geehrte Damen und Herren, Die \u00f6sterreichische Bundesregierung hat ein Gesetz im Nationalrat eingebracht zur Aufhebung des Impfpflichtgesetzes. Zur Begr\u00fcndung wurde vom Gesundheitsminister angef\u00fchrt, es habe niemanden motiviert zur Impfung, habe aber die Gesellschaft gespalten und das bis in die Familien. Angesichts dessen fordert die FAIR Beweegung die Luxemburger [&hellip;]<\/p>\n","protected":false},"author":20,"featured_media":2649,"comment_status":"closed","ping_status":"open","sticky":false,"template":"elementor_header_footer","format":"standard","meta":{"ocean_post_layout":"full-screen","ocean_both_sidebars_style":"","ocean_both_sidebars_content_width":0,"ocean_both_sidebars_sidebars_width":0,"ocean_sidebar":"0","ocean_second_sidebar":"0","ocean_disable_margins":"enable","ocean_add_body_class":"","ocean_shortcode_before_top_bar":"","ocean_shortcode_after_top_bar":"","ocean_shortcode_before_header":"","ocean_shortcode_after_header":"","ocean_has_shortcode":"","ocean_shortcode_after_title":"","ocean_shortcode_before_footer_widgets":"","ocean_shortcode_after_footer_widgets":"","ocean_shortcode_before_footer_bottom":"","ocean_shortcode_after_footer_bottom":"","ocean_display_top_bar":"off","ocean_display_header":"off","ocean_header_style":"","ocean_center_header_left_menu":"0","ocean_custom_header_template":"0","ocean_custom_logo":0,"ocean_custom_retina_logo":0,"ocean_custom_logo_max_width":0,"ocean_custom_logo_tablet_max_width":0,"ocean_custom_logo_mobile_max_width":0,"ocean_custom_logo_max_height":0,"ocean_custom_logo_tablet_max_height":0,"ocean_custom_logo_mobile_max_height":0,"ocean_header_custom_menu":"0","ocean_menu_typo_font_family":"0","ocean_menu_typo_font_subset":"","ocean_menu_typo_font_size":0,"ocean_menu_typo_font_size_tablet":0,"ocean_menu_typo_font_size_mobile":0,"ocean_menu_typo_font_size_unit":"px","ocean_menu_typo_font_weight":"","ocean_menu_typo_font_weight_tablet":"","ocean_menu_typo_font_weight_mobile":"","ocean_menu_typo_transform":"","ocean_menu_typo_transform_tablet":"","ocean_menu_typo_transform_mobile":"","ocean_menu_typo_line_height":0,"ocean_menu_typo_line_height_tablet":0,"ocean_menu_typo_line_height_mobile":0,"ocean_menu_typo_line_height_unit":"","ocean_menu_typo_spacing":0,"ocean_menu_typo_spacing_tablet":0,"ocean_menu_typo_spacing_mobile":0,"ocean_menu_typo_spacing_unit":"","ocean_menu_link_color":"","ocean_menu_link_color_hover":"","ocean_menu_link_color_active":"","ocean_menu_link_background":"","ocean_menu_link_hover_background":"","ocean_menu_link_active_background":"","ocean_menu_social_links_bg":"","ocean_menu_social_hover_links_bg":"","ocean_menu_social_links_color":"","ocean_menu_social_hover_links_color":"","ocean_disable_title":"on","ocean_disable_heading":"default","ocean_post_title":"","ocean_post_subheading":"","ocean_post_title_style":"","ocean_post_title_background_color":"","ocean_post_title_background":0,"ocean_post_title_bg_image_position":"","ocean_post_title_bg_image_attachment":"","ocean_post_title_bg_image_repeat":"","ocean_post_title_bg_image_size":"","ocean_post_title_height":0,"ocean_post_title_bg_overlay":0.5,"ocean_post_title_bg_overlay_color":"","ocean_disable_breadcrumbs":"default","ocean_breadcrumbs_color":"","ocean_breadcrumbs_separator_color":"","ocean_breadcrumbs_links_color":"","ocean_breadcrumbs_links_hover_color":"","ocean_display_footer_widgets":"off","ocean_display_footer_bottom":"off","ocean_custom_footer_template":"0","iawp_total_views":28,"ocean_post_oembed":"","ocean_post_self_hosted_media":"","ocean_post_video_embed":"","ocean_link_format":"","ocean_link_format_target":"self","ocean_quote_format":"","ocean_quote_format_link":"post","ocean_gallery_link_images":"off","ocean_gallery_id":[],"footnotes":""},"categories":[11,13],"tags":[],"class_list":["post-4802","post","type-post","status-publish","format-standard","has-post-thumbnail","hentry","category-communique-erklaerung","category-pressemeldung","entry","has-media"],"_links":{"self":[{"href":"https:\/\/fairbeweegung.lu\/fr\/wp-json\/wp\/v2\/posts\/4802","targetHints":{"allow":["GET"]}}],"collection":[{"href":"https:\/\/fairbeweegung.lu\/fr\/wp-json\/wp\/v2\/posts"}],"about":[{"href":"https:\/\/fairbeweegung.lu\/fr\/wp-json\/wp\/v2\/types\/post"}],"author":[{"embeddable":true,"href":"https:\/\/fairbeweegung.lu\/fr\/wp-json\/wp\/v2\/users\/20"}],"replies":[{"embeddable":true,"href":"https:\/\/fairbeweegung.lu\/fr\/wp-json\/wp\/v2\/comments?post=4802"}],"version-history":[{"count":56,"href":"https:\/\/fairbeweegung.lu\/fr\/wp-json\/wp\/v2\/posts\/4802\/revisions"}],"predecessor-version":[{"id":5177,"href":"https:\/\/fairbeweegung.lu\/fr\/wp-json\/wp\/v2\/posts\/4802\/revisions\/5177"}],"wp:featuredmedia":[{"embeddable":true,"href":"https:\/\/fairbeweegung.lu\/fr\/wp-json\/wp\/v2\/media\/2649"}],"wp:attachment":[{"href":"https:\/\/fairbeweegung.lu\/fr\/wp-json\/wp\/v2\/media?parent=4802"}],"wp:term":[{"taxonomy":"category","embeddable":true,"href":"https:\/\/fairbeweegung.lu\/fr\/wp-json\/wp\/v2\/categories?post=4802"},{"taxonomy":"post_tag","embeddable":true,"href":"https:\/\/fairbeweegung.lu\/fr\/wp-json\/wp\/v2\/tags?post=4802"}],"curies":[{"name":"wp","href":"https:\/\/api.w.org\/{rel}","templated":true}]}}